{"id":33,"date":"2026-04-07T11:32:00","date_gmt":"2026-04-07T09:32:00","guid":{"rendered":"https:\/\/nexastack.co\/blog\/?p=33"},"modified":"2026-04-08T12:32:28","modified_gmt":"2026-04-08T10:32:28","slug":"dsgvo-und-cloud-darf-ihr-unternehmen-us-cloud-dienste-noch-nutzen","status":"publish","type":"post","link":"https:\/\/nexastack.co\/blog\/dsgvo-und-cloud-darf-ihr-unternehmen-us-cloud-dienste-noch-nutzen\/","title":{"rendered":"DSGVO und Cloud: Darf Ihr Unternehmen US-Cloud-Dienste noch nutzen?"},"content":{"rendered":"<div class=\"et_pb_section_0 et_pb_section et_section_regular et_flex_section\"><div class=\"et_pb_row_0 et_pb_row et_flex_row\"><div class=\"et_pb_column_0 et_pb_column et-last-child et_flex_column et_pb_css_mix_blend_mode_passthrough et_flex_column_24_24 et_flex_column_24_24_tablet et_flex_column_24_24_phone\"><div class=\"et_pb_text_0 et_pb_text et_pb_bg_layout_light et_pb_module et_flex_module\"><div class=\"et_pb_text_inner\"><p>Die Nutzung von Cloud-Diensten ist f\u00fcr Unternehmen l\u00e4ngst Alltag. Doch seit dem Schrems-II-Urteil des Europ\u00e4ischen Gerichtshofs im Jahr 2020 steht eine Frage im Raum, die viele Gesch\u00e4ftsf\u00fchrer verunsichert: <strong>Ist die Nutzung von US-Cloud-Diensten wie Microsoft 365, Google Workspace oder Amazon AWS \u00fcberhaupt noch DSGVO-konform?<\/strong><\/p>\n<p>Die kurze Antwort: Es ist kompliziert. Die ausf\u00fchrliche Antwort finden Sie in diesem Artikel \u2013 zusammen mit konkreten Handlungsempfehlungen f\u00fcr den Mittelstand.<\/p>\n<h2>Was hat sich durch Schrems II ge\u00e4ndert?<\/h2>\n<p>Im Juli 2020 erkl\u00e4rte der Europ\u00e4ische Gerichtshof das Privacy-Shield-Abkommen zwischen der EU und den USA f\u00fcr ung\u00fcltig. Dieses Abkommen war die rechtliche Grundlage, auf der europ\u00e4ische Unternehmen personenbezogene Daten in die USA \u00fcbermitteln durften. Mit einem Schlag war diese Grundlage weg.<\/p>\n<p>Der Grund: Die US-\u00dcberwachungsgesetze \u2013 insbesondere Section 702 des FISA und der CLOUD Act \u2013 erm\u00f6glichen es US-Beh\u00f6rden, auf Daten zuzugreifen, die von US-Unternehmen gespeichert werden. Und zwar unabh\u00e4ngig davon, wo auf der Welt die Server stehen. Dieses Zugriffsrecht ist mit den Grundrechten der EU-B\u00fcrger auf Datenschutz nicht vereinbar.<\/p>\n<h2>Das EU-US Data Privacy Framework: Problem gel\u00f6st?<\/h2>\n<p>Im Juli 2023 wurde das EU-US Data Privacy Framework als Nachfolger des Privacy Shield eingef\u00fchrt. Viele Unternehmen atmeten auf. Doch Datenschutzexperten und der Aktivist Max Schrems selbst warnen: Das neue Framework hat die grundlegenden Probleme nicht gel\u00f6st. Die US-\u00dcberwachungsgesetze bestehen unver\u00e4ndert fort. Ein erneutes Urteil des EuGH \u2013 ein sogenanntes Schrems III \u2013 wird von vielen Juristen als wahrscheinlich angesehen.<\/p>\n<p>F\u00fcr Ihr Unternehmen bedeutet das: Das Data Privacy Framework bietet aktuell eine rechtliche Grundlage, aber keine Rechtssicherheit. Wer sich allein darauf verl\u00e4sst, geht ein kalkuliertes Risiko ein.<\/p>\n<h2>Welche Risiken bestehen konkret?<\/h2>\n<h3>Bu\u00dfgelder bei DSGVO-Verst\u00f6\u00dfen<\/h3>\n<p>Die DSGVO sieht Bu\u00dfgelder von bis zu 20 Millionen Euro oder 4 Prozent des weltweiten Jahresumsatzes vor \u2013 je nachdem, welcher Betrag h\u00f6her ist. In der Praxis wurden bereits Bu\u00dfgelder im Millionenbereich verh\u00e4ngt. Auch mittelst\u00e4ndische Unternehmen sind betroffen: Die Datenschutzbeh\u00f6rden der L\u00e4nder sind aktiv und pr\u00fcfen zunehmend auch kleinere Unternehmen.<\/p>\n<h3>Haftung der Gesch\u00e4ftsf\u00fchrung<\/h3>\n<p>Ein Aspekt, den viele Gesch\u00e4ftsf\u00fchrer untersch\u00e4tzen: Datenschutzverst\u00f6\u00dfe k\u00f6nnen zur pers\u00f6nlichen Haftung f\u00fchren. Wenn nachweisbar ist, dass die Gesch\u00e4ftsf\u00fchrung die Risiken kannte, aber keine Ma\u00dfnahmen ergriffen hat, k\u00f6nnen Schadensersatzanspr\u00fcche gegen die handelnden Personen geltend gemacht werden.<\/p>\n<h3>Vertrauensverlust bei Kunden und Partnern<\/h3>\n<p>In Branchen mit hoher Sensibilit\u00e4t f\u00fcr Datenschutz \u2013 Gesundheitswesen, Rechtsberatung, Finanzdienstleistungen \u2013 ist der Umgang mit Daten ein Vertrauensfaktor. Kunden und Gesch\u00e4ftspartner erwarten zunehmend, dass ihre Daten sicher und DSGVO-konform verarbeitet werden. Wer das nicht gew\u00e4hrleisten kann, verliert im Wettbewerb.<\/p>\n<h2>Was k\u00f6nnen Unternehmen konkret tun?<\/h2>\n<h3>Option 1: US-Cloud-Dienste mit Einschr\u00e4nkungen weiter nutzen<\/h3>\n<p>Wenn Sie US-Cloud-Dienste weiterhin nutzen m\u00f6chten, sollten Sie zus\u00e4tzliche Schutzma\u00dfnahmen implementieren: Standardvertragsklauseln abschlie\u00dfen, Transfer Impact Assessments durchf\u00fchren, Verschl\u00fcsselung einsetzen und die Datenverarbeitung soweit m\u00f6glich auf EU-Server beschr\u00e4nken. Dieser Weg ist aufw\u00e4ndig, bietet aber keine vollst\u00e4ndige Rechtssicherheit, solange US-Beh\u00f6rden theoretisch Zugriff erhalten k\u00f6nnen.<\/p>\n<h3>Option 2: Auf europ\u00e4ische Cloud-Anbieter wechseln<\/h3>\n<p>Europ\u00e4ische Cloud-Anbieter unterliegen ausschlie\u00dflich europ\u00e4ischem Recht. Es gibt keine Zugriffsm\u00f6glichkeit durch US-Beh\u00f6rden. Anbieter wie Hetzner, Ionos oder OVH betreiben Rechenzentren ausschlie\u00dflich in der EU und bieten professionelle Cloud-Infrastruktur.<\/p>\n<h3>Option 3: Eigene Infrastruktur aufbauen<\/h3>\n<p>Die konsequenteste L\u00f6sung: Sie betreiben Ihre IT-Infrastruktur auf eigenen oder dedizierten Servern in Deutschland. Open-Source-Software wie Nextcloud, Collabora und Jitsi bietet Ihnen den gleichen Funktionsumfang wie die gro\u00dfen US-Cloud-Dienste \u2013 vollst\u00e4ndig unter Ihrer Kontrolle, vollst\u00e4ndig DSGVO-konform.<\/p>\n<p>Diese Option ist besonders attraktiv f\u00fcr Unternehmen, die mit besonders sensiblen Daten arbeiten: Arztpraxen, Kanzleien, Steuerberater, Ingenieurb\u00fcros mit vertraulichen Projekten oder Unternehmen mit \u00f6ffentlichen Auftr\u00e4gen.<\/p>\n<h2>F\u00fcr welche Branchen ist das besonders relevant?<\/h2>\n<p><strong>Gesundheitswesen:<\/strong> Patientendaten unterliegen besonderem Schutz. Die Nutzung von US-Cloud-Diensten f\u00fcr medizinische Daten ist mit erheblichen rechtlichen Risiken verbunden.<\/p>\n<p><strong>Rechtsberatung:<\/strong> Die anwaltliche Schweigepflicht erfordert, dass Mandantendaten vor dem Zugriff Dritter gesch\u00fctzt sind \u2013 auch vor dem Zugriff durch ausl\u00e4ndische Beh\u00f6rden.<\/p>\n<p><strong>Finanzdienstleistungen:<\/strong> Regulatorische Anforderungen (BaFin, EBA) verlangen einen besonders sorgf\u00e4ltigen Umgang mit Kundendaten.<\/p>\n<p><strong>\u00d6ffentliche Auftr\u00e4ge:<\/strong> Unternehmen, die f\u00fcr Beh\u00f6rden arbeiten, m\u00fcssen zunehmend nachweisen, dass ihre IT-Infrastruktur die Anforderungen an digitale Souver\u00e4nit\u00e4t erf\u00fcllt.<\/p>\n<h2>Fazit: Handeln Sie, bevor Sie handeln m\u00fcssen<\/h2>\n<p>Die rechtliche Situation rund um US-Cloud-Dienste und DSGVO ist nicht stabil. Das aktuelle Data Privacy Framework kann jederzeit gekippt werden. Unternehmen, die proaktiv auf datenschutzkonforme Infrastruktur umsteigen, stehen besser da als solche, die im Ernstfall unter Zeitdruck reagieren m\u00fcssen.<\/p>\n<p>Der Umstieg muss nicht \u00fcber Nacht passieren. Aber er sollte geplant werden. Und je fr\u00fcher Sie damit beginnen, desto einfacher und kosteng\u00fcnstiger ist der Prozess.<\/p>\n<p><strong>Sie m\u00f6chten wissen, wie Sie Ihre IT-Infrastruktur DSGVO-sicher aufstellen?<\/strong> Bei NexaStack helfen wir Ihnen, eine L\u00f6sung zu finden, die rechtssicher, leistungsf\u00e4hig und bezahlbar ist. <a href=\"https:\/\/nexastack.co\">Jetzt informieren<\/a>.<\/p>\n<\/div><\/div><\/div><\/div><\/div>","protected":false},"excerpt":{"rendered":"<p>Die Nutzung von US-Cloud-Diensten ist nach Schrems II rechtlich heikel. Was das f\u00fcr Ihr Unternehmen bedeutet und welche Alternativen es gibt.<\/p>\n","protected":false},"author":1,"featured_media":152,"comment_status":"open","ping_status":"open","sticky":false,"template":"","format":"standard","meta":{"footnotes":""},"categories":[4],"tags":[15,14,10,12],"class_list":["post-33","post","type-post","status-publish","format-standard","has-post-thumbnail","hentry","category-digitale-souveraenitaet","tag-cloud","tag-datenschutz","tag-dsgvo","tag-mittelstand"],"yoast_head":"<!-- This site is optimized with the Yoast SEO plugin v27.4 - https:\/\/yoast.com\/product\/yoast-seo-wordpress\/ -->\n<title>DSGVO und Cloud: Darf Ihr Unternehmen US-Dienste noch nutzen? | NexaStack Blog<\/title>\n<meta name=\"description\" content=\"Nach Schrems II ist die Nutzung von US-Cloud-Diensten rechtlich heikel. Was das f\u00fcr Ihr Unternehmen bedeutet und welche DSGVO-konformen Alternativen es gibt.\" \/>\n<meta name=\"robots\" content=\"index, follow, max-snippet:-1, max-image-preview:large, max-video-preview:-1\" \/>\n<link rel=\"canonical\" href=\"https:\/\/nexastack.co\/blog\/dsgvo-und-cloud-darf-ihr-unternehmen-us-cloud-dienste-noch-nutzen\/\" \/>\n<meta property=\"og:locale\" content=\"de_DE\" \/>\n<meta property=\"og:type\" content=\"article\" \/>\n<meta property=\"og:title\" content=\"DSGVO und Cloud: Darf Ihr Unternehmen US-Dienste noch nutzen? | NexaStack Blog\" \/>\n<meta property=\"og:description\" content=\"Nach Schrems II ist die Nutzung von US-Cloud-Diensten rechtlich heikel. Was das f\u00fcr Ihr Unternehmen bedeutet und welche DSGVO-konformen Alternativen es gibt.\" \/>\n<meta property=\"og:url\" content=\"https:\/\/nexastack.co\/blog\/dsgvo-und-cloud-darf-ihr-unternehmen-us-cloud-dienste-noch-nutzen\/\" \/>\n<meta property=\"og:site_name\" content=\"Der NexaStack Blog\" \/>\n<meta property=\"article:published_time\" content=\"2026-04-07T09:32:00+00:00\" \/>\n<meta property=\"article:modified_time\" content=\"2026-04-08T10:32:28+00:00\" \/>\n<meta property=\"og:image\" content=\"https:\/\/nexastack.co\/blog\/wp-content\/uploads\/2026\/04\/Gemini_Generated_Image_xzdfqvxzdfqvxzdf-1-scaled.png\" \/>\n\t<meta property=\"og:image:width\" content=\"2560\" \/>\n\t<meta property=\"og:image:height\" content=\"1429\" \/>\n\t<meta property=\"og:image:type\" content=\"image\/png\" \/>\n<meta name=\"author\" content=\"emilian.buza@gmail.com\" \/>\n<meta name=\"twitter:card\" content=\"summary_large_image\" \/>\n<meta name=\"twitter:label1\" content=\"Verfasst von\" \/>\n\t<meta name=\"twitter:data1\" content=\"emilian.buza@gmail.com\" \/>\n<script type=\"application\/ld+json\" class=\"yoast-schema-graph\">{\"@context\":\"https:\\\/\\\/schema.org\",\"@graph\":[{\"@type\":\"Article\",\"@id\":\"https:\\\/\\\/nexastack.co\\\/blog\\\/dsgvo-und-cloud-darf-ihr-unternehmen-us-cloud-dienste-noch-nutzen\\\/#article\",\"isPartOf\":{\"@id\":\"https:\\\/\\\/nexastack.co\\\/blog\\\/dsgvo-und-cloud-darf-ihr-unternehmen-us-cloud-dienste-noch-nutzen\\\/\"},\"author\":{\"name\":\"emilian.buza@gmail.com\",\"@id\":\"https:\\\/\\\/nexastack.co\\\/blog\\\/#\\\/schema\\\/person\\\/2718076fd43bbd5633d9ca1a2f28a18e\"},\"headline\":\"DSGVO und Cloud: Darf Ihr Unternehmen US-Cloud-Dienste noch nutzen?\",\"datePublished\":\"2026-04-07T09:32:00+00:00\",\"dateModified\":\"2026-04-08T10:32:28+00:00\",\"mainEntityOfPage\":{\"@id\":\"https:\\\/\\\/nexastack.co\\\/blog\\\/dsgvo-und-cloud-darf-ihr-unternehmen-us-cloud-dienste-noch-nutzen\\\/\"},\"wordCount\":9,\"commentCount\":0,\"image\":{\"@id\":\"https:\\\/\\\/nexastack.co\\\/blog\\\/dsgvo-und-cloud-darf-ihr-unternehmen-us-cloud-dienste-noch-nutzen\\\/#primaryimage\"},\"thumbnailUrl\":\"https:\\\/\\\/nexastack.co\\\/blog\\\/wp-content\\\/uploads\\\/2026\\\/04\\\/Gemini_Generated_Image_xzdfqvxzdfqvxzdf-1-scaled.png\",\"keywords\":[\"Cloud\",\"Datenschutz\",\"DSGVO\",\"Mittelstand\"],\"articleSection\":[\"Digitale Souver\u00e4nit\u00e4t\"],\"inLanguage\":\"de\",\"potentialAction\":[{\"@type\":\"CommentAction\",\"name\":\"Comment\",\"target\":[\"https:\\\/\\\/nexastack.co\\\/blog\\\/dsgvo-und-cloud-darf-ihr-unternehmen-us-cloud-dienste-noch-nutzen\\\/#respond\"]}]},{\"@type\":\"WebPage\",\"@id\":\"https:\\\/\\\/nexastack.co\\\/blog\\\/dsgvo-und-cloud-darf-ihr-unternehmen-us-cloud-dienste-noch-nutzen\\\/\",\"url\":\"https:\\\/\\\/nexastack.co\\\/blog\\\/dsgvo-und-cloud-darf-ihr-unternehmen-us-cloud-dienste-noch-nutzen\\\/\",\"name\":\"DSGVO und Cloud: Darf Ihr Unternehmen US-Dienste noch nutzen? | NexaStack Blog\",\"isPartOf\":{\"@id\":\"https:\\\/\\\/nexastack.co\\\/blog\\\/#website\"},\"primaryImageOfPage\":{\"@id\":\"https:\\\/\\\/nexastack.co\\\/blog\\\/dsgvo-und-cloud-darf-ihr-unternehmen-us-cloud-dienste-noch-nutzen\\\/#primaryimage\"},\"image\":{\"@id\":\"https:\\\/\\\/nexastack.co\\\/blog\\\/dsgvo-und-cloud-darf-ihr-unternehmen-us-cloud-dienste-noch-nutzen\\\/#primaryimage\"},\"thumbnailUrl\":\"https:\\\/\\\/nexastack.co\\\/blog\\\/wp-content\\\/uploads\\\/2026\\\/04\\\/Gemini_Generated_Image_xzdfqvxzdfqvxzdf-1-scaled.png\",\"datePublished\":\"2026-04-07T09:32:00+00:00\",\"dateModified\":\"2026-04-08T10:32:28+00:00\",\"author\":{\"@id\":\"https:\\\/\\\/nexastack.co\\\/blog\\\/#\\\/schema\\\/person\\\/2718076fd43bbd5633d9ca1a2f28a18e\"},\"description\":\"Nach Schrems II ist die Nutzung von US-Cloud-Diensten rechtlich heikel. Was das f\u00fcr Ihr Unternehmen bedeutet und welche DSGVO-konformen Alternativen es gibt.\",\"breadcrumb\":{\"@id\":\"https:\\\/\\\/nexastack.co\\\/blog\\\/dsgvo-und-cloud-darf-ihr-unternehmen-us-cloud-dienste-noch-nutzen\\\/#breadcrumb\"},\"inLanguage\":\"de\",\"potentialAction\":[{\"@type\":\"ReadAction\",\"target\":[\"https:\\\/\\\/nexastack.co\\\/blog\\\/dsgvo-und-cloud-darf-ihr-unternehmen-us-cloud-dienste-noch-nutzen\\\/\"]}]},{\"@type\":\"ImageObject\",\"inLanguage\":\"de\",\"@id\":\"https:\\\/\\\/nexastack.co\\\/blog\\\/dsgvo-und-cloud-darf-ihr-unternehmen-us-cloud-dienste-noch-nutzen\\\/#primaryimage\",\"url\":\"https:\\\/\\\/nexastack.co\\\/blog\\\/wp-content\\\/uploads\\\/2026\\\/04\\\/Gemini_Generated_Image_xzdfqvxzdfqvxzdf-1-scaled.png\",\"contentUrl\":\"https:\\\/\\\/nexastack.co\\\/blog\\\/wp-content\\\/uploads\\\/2026\\\/04\\\/Gemini_Generated_Image_xzdfqvxzdfqvxzdf-1-scaled.png\",\"width\":2560,\"height\":1429},{\"@type\":\"BreadcrumbList\",\"@id\":\"https:\\\/\\\/nexastack.co\\\/blog\\\/dsgvo-und-cloud-darf-ihr-unternehmen-us-cloud-dienste-noch-nutzen\\\/#breadcrumb\",\"itemListElement\":[{\"@type\":\"ListItem\",\"position\":1,\"name\":\"Home\",\"item\":\"https:\\\/\\\/nexastack.co\\\/blog\\\/\"},{\"@type\":\"ListItem\",\"position\":2,\"name\":\"DSGVO und Cloud: Darf Ihr Unternehmen US-Cloud-Dienste noch nutzen?\"}]},{\"@type\":\"WebSite\",\"@id\":\"https:\\\/\\\/nexastack.co\\\/blog\\\/#website\",\"url\":\"https:\\\/\\\/nexastack.co\\\/blog\\\/\",\"name\":\"Der NexaStack Blog\",\"description\":\"\",\"potentialAction\":[{\"@type\":\"SearchAction\",\"target\":{\"@type\":\"EntryPoint\",\"urlTemplate\":\"https:\\\/\\\/nexastack.co\\\/blog\\\/?s={search_term_string}\"},\"query-input\":{\"@type\":\"PropertyValueSpecification\",\"valueRequired\":true,\"valueName\":\"search_term_string\"}}],\"inLanguage\":\"de\"},{\"@type\":\"Person\",\"@id\":\"https:\\\/\\\/nexastack.co\\\/blog\\\/#\\\/schema\\\/person\\\/2718076fd43bbd5633d9ca1a2f28a18e\",\"name\":\"emilian.buza@gmail.com\",\"image\":{\"@type\":\"ImageObject\",\"inLanguage\":\"de\",\"@id\":\"https:\\\/\\\/secure.gravatar.com\\\/avatar\\\/aaab5f2be0ec73bc7c459f46d24a5cb80e72fdfeefb36413f6e177a08ccfcc60?s=96&d=mm&r=g\",\"url\":\"https:\\\/\\\/secure.gravatar.com\\\/avatar\\\/aaab5f2be0ec73bc7c459f46d24a5cb80e72fdfeefb36413f6e177a08ccfcc60?s=96&d=mm&r=g\",\"contentUrl\":\"https:\\\/\\\/secure.gravatar.com\\\/avatar\\\/aaab5f2be0ec73bc7c459f46d24a5cb80e72fdfeefb36413f6e177a08ccfcc60?s=96&d=mm&r=g\",\"caption\":\"emilian.buza@gmail.com\"},\"sameAs\":[\"https:\\\/\\\/nexastack.co\\\/blog\"],\"url\":\"https:\\\/\\\/nexastack.co\\\/blog\\\/author\\\/emilian-buzagmail-com\\\/\"}]}<\/script>\n<!-- \/ Yoast SEO plugin. -->","yoast_head_json":{"title":"DSGVO und Cloud: Darf Ihr Unternehmen US-Dienste noch nutzen? | NexaStack Blog","description":"Nach Schrems II ist die Nutzung von US-Cloud-Diensten rechtlich heikel. Was das f\u00fcr Ihr Unternehmen bedeutet und welche DSGVO-konformen Alternativen es gibt.","robots":{"index":"index","follow":"follow","max-snippet":"max-snippet:-1","max-image-preview":"max-image-preview:large","max-video-preview":"max-video-preview:-1"},"canonical":"https:\/\/nexastack.co\/blog\/dsgvo-und-cloud-darf-ihr-unternehmen-us-cloud-dienste-noch-nutzen\/","og_locale":"de_DE","og_type":"article","og_title":"DSGVO und Cloud: Darf Ihr Unternehmen US-Dienste noch nutzen? | NexaStack Blog","og_description":"Nach Schrems II ist die Nutzung von US-Cloud-Diensten rechtlich heikel. Was das f\u00fcr Ihr Unternehmen bedeutet und welche DSGVO-konformen Alternativen es gibt.","og_url":"https:\/\/nexastack.co\/blog\/dsgvo-und-cloud-darf-ihr-unternehmen-us-cloud-dienste-noch-nutzen\/","og_site_name":"Der NexaStack Blog","article_published_time":"2026-04-07T09:32:00+00:00","article_modified_time":"2026-04-08T10:32:28+00:00","og_image":[{"width":2560,"height":1429,"url":"https:\/\/nexastack.co\/blog\/wp-content\/uploads\/2026\/04\/Gemini_Generated_Image_xzdfqvxzdfqvxzdf-1-scaled.png","type":"image\/png"}],"author":"emilian.buza@gmail.com","twitter_card":"summary_large_image","twitter_misc":{"Verfasst von":"emilian.buza@gmail.com"},"schema":{"@context":"https:\/\/schema.org","@graph":[{"@type":"Article","@id":"https:\/\/nexastack.co\/blog\/dsgvo-und-cloud-darf-ihr-unternehmen-us-cloud-dienste-noch-nutzen\/#article","isPartOf":{"@id":"https:\/\/nexastack.co\/blog\/dsgvo-und-cloud-darf-ihr-unternehmen-us-cloud-dienste-noch-nutzen\/"},"author":{"name":"emilian.buza@gmail.com","@id":"https:\/\/nexastack.co\/blog\/#\/schema\/person\/2718076fd43bbd5633d9ca1a2f28a18e"},"headline":"DSGVO und Cloud: Darf Ihr Unternehmen US-Cloud-Dienste noch nutzen?","datePublished":"2026-04-07T09:32:00+00:00","dateModified":"2026-04-08T10:32:28+00:00","mainEntityOfPage":{"@id":"https:\/\/nexastack.co\/blog\/dsgvo-und-cloud-darf-ihr-unternehmen-us-cloud-dienste-noch-nutzen\/"},"wordCount":9,"commentCount":0,"image":{"@id":"https:\/\/nexastack.co\/blog\/dsgvo-und-cloud-darf-ihr-unternehmen-us-cloud-dienste-noch-nutzen\/#primaryimage"},"thumbnailUrl":"https:\/\/nexastack.co\/blog\/wp-content\/uploads\/2026\/04\/Gemini_Generated_Image_xzdfqvxzdfqvxzdf-1-scaled.png","keywords":["Cloud","Datenschutz","DSGVO","Mittelstand"],"articleSection":["Digitale Souver\u00e4nit\u00e4t"],"inLanguage":"de","potentialAction":[{"@type":"CommentAction","name":"Comment","target":["https:\/\/nexastack.co\/blog\/dsgvo-und-cloud-darf-ihr-unternehmen-us-cloud-dienste-noch-nutzen\/#respond"]}]},{"@type":"WebPage","@id":"https:\/\/nexastack.co\/blog\/dsgvo-und-cloud-darf-ihr-unternehmen-us-cloud-dienste-noch-nutzen\/","url":"https:\/\/nexastack.co\/blog\/dsgvo-und-cloud-darf-ihr-unternehmen-us-cloud-dienste-noch-nutzen\/","name":"DSGVO und Cloud: Darf Ihr Unternehmen US-Dienste noch nutzen? | NexaStack Blog","isPartOf":{"@id":"https:\/\/nexastack.co\/blog\/#website"},"primaryImageOfPage":{"@id":"https:\/\/nexastack.co\/blog\/dsgvo-und-cloud-darf-ihr-unternehmen-us-cloud-dienste-noch-nutzen\/#primaryimage"},"image":{"@id":"https:\/\/nexastack.co\/blog\/dsgvo-und-cloud-darf-ihr-unternehmen-us-cloud-dienste-noch-nutzen\/#primaryimage"},"thumbnailUrl":"https:\/\/nexastack.co\/blog\/wp-content\/uploads\/2026\/04\/Gemini_Generated_Image_xzdfqvxzdfqvxzdf-1-scaled.png","datePublished":"2026-04-07T09:32:00+00:00","dateModified":"2026-04-08T10:32:28+00:00","author":{"@id":"https:\/\/nexastack.co\/blog\/#\/schema\/person\/2718076fd43bbd5633d9ca1a2f28a18e"},"description":"Nach Schrems II ist die Nutzung von US-Cloud-Diensten rechtlich heikel. Was das f\u00fcr Ihr Unternehmen bedeutet und welche DSGVO-konformen Alternativen es gibt.","breadcrumb":{"@id":"https:\/\/nexastack.co\/blog\/dsgvo-und-cloud-darf-ihr-unternehmen-us-cloud-dienste-noch-nutzen\/#breadcrumb"},"inLanguage":"de","potentialAction":[{"@type":"ReadAction","target":["https:\/\/nexastack.co\/blog\/dsgvo-und-cloud-darf-ihr-unternehmen-us-cloud-dienste-noch-nutzen\/"]}]},{"@type":"ImageObject","inLanguage":"de","@id":"https:\/\/nexastack.co\/blog\/dsgvo-und-cloud-darf-ihr-unternehmen-us-cloud-dienste-noch-nutzen\/#primaryimage","url":"https:\/\/nexastack.co\/blog\/wp-content\/uploads\/2026\/04\/Gemini_Generated_Image_xzdfqvxzdfqvxzdf-1-scaled.png","contentUrl":"https:\/\/nexastack.co\/blog\/wp-content\/uploads\/2026\/04\/Gemini_Generated_Image_xzdfqvxzdfqvxzdf-1-scaled.png","width":2560,"height":1429},{"@type":"BreadcrumbList","@id":"https:\/\/nexastack.co\/blog\/dsgvo-und-cloud-darf-ihr-unternehmen-us-cloud-dienste-noch-nutzen\/#breadcrumb","itemListElement":[{"@type":"ListItem","position":1,"name":"Home","item":"https:\/\/nexastack.co\/blog\/"},{"@type":"ListItem","position":2,"name":"DSGVO und Cloud: Darf Ihr Unternehmen US-Cloud-Dienste noch nutzen?"}]},{"@type":"WebSite","@id":"https:\/\/nexastack.co\/blog\/#website","url":"https:\/\/nexastack.co\/blog\/","name":"Der NexaStack Blog","description":"","potentialAction":[{"@type":"SearchAction","target":{"@type":"EntryPoint","urlTemplate":"https:\/\/nexastack.co\/blog\/?s={search_term_string}"},"query-input":{"@type":"PropertyValueSpecification","valueRequired":true,"valueName":"search_term_string"}}],"inLanguage":"de"},{"@type":"Person","@id":"https:\/\/nexastack.co\/blog\/#\/schema\/person\/2718076fd43bbd5633d9ca1a2f28a18e","name":"emilian.buza@gmail.com","image":{"@type":"ImageObject","inLanguage":"de","@id":"https:\/\/secure.gravatar.com\/avatar\/aaab5f2be0ec73bc7c459f46d24a5cb80e72fdfeefb36413f6e177a08ccfcc60?s=96&d=mm&r=g","url":"https:\/\/secure.gravatar.com\/avatar\/aaab5f2be0ec73bc7c459f46d24a5cb80e72fdfeefb36413f6e177a08ccfcc60?s=96&d=mm&r=g","contentUrl":"https:\/\/secure.gravatar.com\/avatar\/aaab5f2be0ec73bc7c459f46d24a5cb80e72fdfeefb36413f6e177a08ccfcc60?s=96&d=mm&r=g","caption":"emilian.buza@gmail.com"},"sameAs":["https:\/\/nexastack.co\/blog"],"url":"https:\/\/nexastack.co\/blog\/author\/emilian-buzagmail-com\/"}]}},"_links":{"self":[{"href":"https:\/\/nexastack.co\/blog\/wp-json\/wp\/v2\/posts\/33","targetHints":{"allow":["GET"]}}],"collection":[{"href":"https:\/\/nexastack.co\/blog\/wp-json\/wp\/v2\/posts"}],"about":[{"href":"https:\/\/nexastack.co\/blog\/wp-json\/wp\/v2\/types\/post"}],"author":[{"embeddable":true,"href":"https:\/\/nexastack.co\/blog\/wp-json\/wp\/v2\/users\/1"}],"replies":[{"embeddable":true,"href":"https:\/\/nexastack.co\/blog\/wp-json\/wp\/v2\/comments?post=33"}],"version-history":[{"count":2,"href":"https:\/\/nexastack.co\/blog\/wp-json\/wp\/v2\/posts\/33\/revisions"}],"predecessor-version":[{"id":151,"href":"https:\/\/nexastack.co\/blog\/wp-json\/wp\/v2\/posts\/33\/revisions\/151"}],"wp:featuredmedia":[{"embeddable":true,"href":"https:\/\/nexastack.co\/blog\/wp-json\/wp\/v2\/media\/152"}],"wp:attachment":[{"href":"https:\/\/nexastack.co\/blog\/wp-json\/wp\/v2\/media?parent=33"}],"wp:term":[{"taxonomy":"category","embeddable":true,"href":"https:\/\/nexastack.co\/blog\/wp-json\/wp\/v2\/categories?post=33"},{"taxonomy":"post_tag","embeddable":true,"href":"https:\/\/nexastack.co\/blog\/wp-json\/wp\/v2\/tags?post=33"}],"curies":[{"name":"wp","href":"https:\/\/api.w.org\/{rel}","templated":true}]}}